{"id":427,"date":"2024-02-08T20:48:56","date_gmt":"2024-02-08T23:48:56","guid":{"rendered":"https:\/\/escoladocaminho.com\/?p=427"},"modified":"2025-04-06T11:30:23","modified_gmt":"2025-04-06T14:30:23","slug":"o-que-aconteceu-quando-tentamos-comprar-um-terreno-no-vale-do-amanhecer-que-pertencia-a-nancyara-zelaya","status":"publish","type":"post","link":"https:\/\/escoladocaminho.com\/?p=427","title":{"rendered":"O que aconteceu quando tentamos comprar um terreno no Vale do Amanhecer que pertencia a Nancyara Zelaya"},"content":{"rendered":"\r\n<p class=\"has-text-align-justify\">Isso foi no come\u00e7o dos anos 1980. Meus pais, certa ocasi\u00e3o, decidiram que seria melhor comprar uma casinha no Vale. At\u00e9 ent\u00e3o mor\u00e1vamos em Sobradinho. N\u00e3o era muito longe do templo m\u00e3e, mas em todo caso, eles queriam uma casa no Vale do Amanhecer. Poder\u00edamos passar os finais de semana: ir na sexta, voltar no domingo ou na segunda-feira de manh\u00e3 sem qualquer preocupa\u00e7\u00e3o, al\u00e9m dos feriados prolongados. Enfim, a aquisi\u00e7\u00e3o parecia de grande conveni\u00eancia e proveito.<\/p>\r\n\r\n\r\n\r\n<p class=\"has-text-align-justify\">Ap\u00f3s alguns contatos, eles ficaram sabendo que um amigo pr\u00f3ximo, de nome Vilmar, estava vendendo uma casa e o valor pedido cabia em nossas possibilidades. Minha m\u00e3e animou-se com a concreta possibilidade da compra e, feliz da vida, foi contar a novidade para tia Neiva. Disse-lhe que estavam comprando uma casa no Vale!<\/p>\r\n\r\n\r\n\r\n<p class=\"has-text-align-justify\">Tia Neiva ficou indignada: &#8220;como Soninha!? Comprando casa!? Aqui n\u00e3o \u00e9 pra isso, minha filha! Isso aqui \u00e9 de voc\u00eas! Um sai de uma casa, outro ocupa! N\u00e3o tem isso de comprar ou vender&#8221;! E falando nesse sentido, foi desanimando minha m\u00e3e da compra, fazendo-a ver que aquilo n\u00e3o tinha o menor sentido, que o Amanhecer n\u00e3o era um lugar de especula\u00e7\u00e3o imobili\u00e1ria.<\/p>\r\n\r\n\r\n\r\n<p class=\"has-text-align-justify\">Tia Neiva n\u00e3o demorou a descobrir que a casa, originalmente, era de sua neta, Nancyara e que esta, de forma escondida, havia vendido a casa para o Vilmar. Ficou indignada! Mandou que a chamassem imediatamente e chamou-lhe \u00e0 aten\u00e7\u00e3o com dureza. Obviamente o neg\u00f3cio desandou. Mas ficou o ensinamento. Hoje, assistimos com tristeza a compras e vendas de lotes nos diversos templos do Amanhecer. Neg\u00f3cios fomentados pelos pr\u00f3prios presidentes de templos&#8230; Triste&#8230;<\/p>\r\n\r\n\r\n\r\n<p>Infelizmente, no Amanhecer, a quest\u00e3o da compra e venda de lotes est\u00e1 definida. \u00c9 pr\u00e1tica comum e estabelecida. Mas isso nunca foi permitido por tia Neiva enquanto ela estava encarnada. Tristemente verificamos que muitos s\u00e3o os presidentes de templos, comandantes, homens de alta hierarquia desse poder que, com o falacioso discurso de &#8220;manter tudo como tia Neiva deixou&#8221;, n\u00e3o se furtam a angariar todo tipo de vantagem, inclusive financeira. Numa r\u00e1pida consulta \u00e0 internet isso se constata facilmente&#8230;<\/p>\r\n\r\n\r\n\r\n<div class=\"wp-block-columns is-layout-flex wp-container-core-columns-is-layout-9d6595d7 wp-block-columns-is-layout-flex\">\r\n<div class=\"wp-block-column is-layout-flow wp-block-column-is-layout-flow\" style=\"flex-basis: 100%;\">\r\n<div class=\"wp-block-group is-nowrap is-layout-flex wp-container-core-group-is-layout-ad2f72ca wp-block-group-is-layout-flex\">\r\n<figure data-wp-context=\"{&quot;imageId&quot;:&quot;69f25d233cf9a&quot;}\" data-wp-interactive=\"core\/image\" data-wp-key=\"69f25d233cf9a\" class=\"wp-block-image size-full is-resized wp-lightbox-container\"><img decoding=\"async\" width=\"813\" height=\"841\" data-wp-class--hide=\"state.isContentHidden\" data-wp-class--show=\"state.isContentVisible\" data-wp-init=\"callbacks.setButtonStyles\" data-wp-on--click=\"actions.showLightbox\" data-wp-on--load=\"callbacks.setButtonStyles\" data-wp-on-window--resize=\"callbacks.setButtonStyles\" class=\"wp-image-431\" style=\"width: 449px; height: auto;\" src=\"https:\/\/escoladocaminho.com\/wp-content\/uploads\/2024\/02\/IMOVEIS-NO-VALE-DO-AMANHECER-1-1.png\" alt=\"\" srcset=\"https:\/\/escoladocaminho.com\/wp-content\/uploads\/2024\/02\/IMOVEIS-NO-VALE-DO-AMANHECER-1-1.png 813w, https:\/\/escoladocaminho.com\/wp-content\/uploads\/2024\/02\/IMOVEIS-NO-VALE-DO-AMANHECER-1-1-600x621.png 600w, https:\/\/escoladocaminho.com\/wp-content\/uploads\/2024\/02\/IMOVEIS-NO-VALE-DO-AMANHECER-1-1-290x300.png 290w, https:\/\/escoladocaminho.com\/wp-content\/uploads\/2024\/02\/IMOVEIS-NO-VALE-DO-AMANHECER-1-1-768x794.png 768w\" sizes=\"(max-width: 813px) 100vw, 813px\" \/><button\n\t\t\tclass=\"lightbox-trigger\"\n\t\t\ttype=\"button\"\n\t\t\taria-haspopup=\"dialog\"\n\t\t\taria-label=\"Ampliar\"\n\t\t\tdata-wp-init=\"callbacks.initTriggerButton\"\n\t\t\tdata-wp-on--click=\"actions.showLightbox\"\n\t\t\tdata-wp-style--right=\"state.imageButtonRight\"\n\t\t\tdata-wp-style--top=\"state.imageButtonTop\"\n\t\t>\n\t\t\t<svg xmlns=\"http:\/\/www.w3.org\/2000\/svg\" width=\"12\" height=\"12\" fill=\"none\" viewBox=\"0 0 12 12\">\n\t\t\t\t<path fill=\"#fff\" d=\"M2 0a2 2 0 0 0-2 2v2h1.5V2a.5.5 0 0 1 .5-.5h2V0H2Zm2 10.5H2a.5.5 0 0 1-.5-.5V8H0v2a2 2 0 0 0 2 2h2v-1.5ZM8 12v-1.5h2a.5.5 0 0 0 .5-.5V8H12v2a2 2 0 0 1-2 2H8Zm2-12a2 2 0 0 1 2 2v2h-1.5V2a.5.5 0 0 0-.5-.5H8V0h2Z\" \/>\n\t\t\t<\/svg>\n\t\t<\/button><\/figure>\r\n\r\n\r\n\r\n<p class=\"has-text-align-justify\">Em r\u00e1pida consulta \u00e0 internet \u00e9 poss\u00edvel encontrar um vasto mercado imobili\u00e1rio em diversos templos do Amanhecer. N\u00e3o temos como afirmar que esta \u00e9 uma pr\u00e1tica unificada em todo Brasil. Contudo, verificamos com tristeza que o Templo-m\u00e3e ignora completamente os pilares evang\u00e9licos pelos quais tia Neiva sempre norteou sua conduta. N\u00e3o h\u00e1 como nos furtar ao fato de que vive-se hoje a doutrina das inverdades, do financismo.<\/p>\r\n<\/div>\r\n<\/div>\r\n<\/div>\r\n","protected":false},"excerpt":{"rendered":"<p>Isso foi no come\u00e7o dos anos 1980. Meus pais, certa ocasi\u00e3o, decidiram que seria melhor comprar uma casinha no Vale. At\u00e9 ent\u00e3o mor\u00e1vamos em Sobradinho. N\u00e3o era muito longe do templo m\u00e3e, mas em todo caso, eles queriam uma casa no Vale do Amanhecer. Poder\u00edamos passar os finais de semana: ir na sexta, voltar no&#8230;<\/p>\n","protected":false},"author":1,"featured_media":1829,"comment_status":"open","ping_status":"open","sticky":false,"template":"","format":"standard","meta":{"_editorskit_title_hidden":false,"_editorskit_reading_time":0,"_editorskit_is_block_options_detached":false,"_editorskit_block_options_position":"{}","_jetpack_memberships_contains_paid_content":false,"_joinchat":[],"footnotes":""},"categories":[97],"tags":[],"class_list":["post-427","post","type-post","status-publish","format-standard","has-post-thumbnail","hentry","category-a-doutrina-do-amanhecer-sob-a-egide-do-financismo"],"jetpack_featured_media_url":"https:\/\/escoladocaminho.com\/wp-content\/uploads\/2024\/02\/vale-do-amanhecer.jpeg","jetpack_sharing_enabled":true,"_links":{"self":[{"href":"https:\/\/escoladocaminho.com\/index.php?rest_route=\/wp\/v2\/posts\/427","targetHints":{"allow":["GET"]}}],"collection":[{"href":"https:\/\/escoladocaminho.com\/index.php?rest_route=\/wp\/v2\/posts"}],"about":[{"href":"https:\/\/escoladocaminho.com\/index.php?rest_route=\/wp\/v2\/types\/post"}],"author":[{"embeddable":true,"href":"https:\/\/escoladocaminho.com\/index.php?rest_route=\/wp\/v2\/users\/1"}],"replies":[{"embeddable":true,"href":"https:\/\/escoladocaminho.com\/index.php?rest_route=%2Fwp%2Fv2%2Fcomments&post=427"}],"version-history":[{"count":7,"href":"https:\/\/escoladocaminho.com\/index.php?rest_route=\/wp\/v2\/posts\/427\/revisions"}],"predecessor-version":[{"id":1830,"href":"https:\/\/escoladocaminho.com\/index.php?rest_route=\/wp\/v2\/posts\/427\/revisions\/1830"}],"wp:featuredmedia":[{"embeddable":true,"href":"https:\/\/escoladocaminho.com\/index.php?rest_route=\/wp\/v2\/media\/1829"}],"wp:attachment":[{"href":"https:\/\/escoladocaminho.com\/index.php?rest_route=%2Fwp%2Fv2%2Fmedia&parent=427"}],"wp:term":[{"taxonomy":"category","embeddable":true,"href":"https:\/\/escoladocaminho.com\/index.php?rest_route=%2Fwp%2Fv2%2Fcategories&post=427"},{"taxonomy":"post_tag","embeddable":true,"href":"https:\/\/escoladocaminho.com\/index.php?rest_route=%2Fwp%2Fv2%2Ftags&post=427"}],"curies":[{"name":"wp","href":"https:\/\/api.w.org\/{rel}","templated":true}]}}