{"id":1742,"date":"2024-10-12T01:35:19","date_gmt":"2024-10-12T04:35:19","guid":{"rendered":"https:\/\/escoladocaminho.com\/?p=1742"},"modified":"2025-03-30T01:28:58","modified_gmt":"2025-03-30T04:28:58","slug":"o-anciao-de-lhasa","status":"publish","type":"post","link":"https:\/\/escoladocaminho.com\/?p=1742","title":{"rendered":"O anci\u00e3o de Lhasa"},"content":{"rendered":"<p style=\"text-align: justify;\"><span style=\"font-weight: 400;\">Pequeno mestre. Deves desenvolver uma atitude de vida compat\u00edvel com a natureza do teu esp\u00edrito. Ainda n\u00e3o compreendo, como sendo t\u00e3o rico, insistes em viver como pobre.<\/span><\/p>\n<p style=\"text-align: justify;\"><span style=\"font-weight: 400;\">Deves abandonar teus maus h\u00e1bitos ocidentais, que ensinam a desobedi\u00eancia, a indisciplina, \u00e0 imprud\u00eancia; que pregam a gan\u00e2ncia, a materializa\u00e7\u00e3o dos sentimentos. Isso \u00e9 uma estupidez. Deves apagar todas essas coisas do seu subconsciente que lhe fazem ser um ca\u00e7ador cruel de si mesmo, um tolo, realmente um tolo.<\/span><\/p>\n<p style=\"text-align: justify;\"><span style=\"font-weight: 400;\">Tudo que tens a fazer agora \u00e9 limpar a tua pr\u00f3pria casa interior, onde tudo se inicia, tornar serena e sem nuvens sombrias a tua atmosfera mental, para que sintas vontade de viver dentro de si mesmo, para que sinta o prazer de ali estar, confort\u00e1vel, seguro e confiante, no lar prateado da tua alma. A maioria dos homens n\u00e3o gosta de sua moradia. Ent\u00e3o vivem sem alma, transgredindo seus sentimentos nobres. Tornam-se ent\u00e3o tolos, porque se escravizam, quando podiam ser senhores de seus padr\u00f5es mentais.<\/span><\/p>\n<p style=\"text-align: justify;\"><span style=\"font-weight: 400;\">Nada \u00e9 mais triste, Pequeno Lama, do que ser escravizado no submundo das paix\u00f5es e dos desejos inferiores, vivendo num processo vampiresco de tomar a moradia dos outros, como se eles fossem pens\u00e3o. Ent\u00e3o se servem deles, escravizam e s\u00e3o escravizados pelas paix\u00f5es e desejos inferiores, sentimentos n\u00e3o nobres. Esses sentimentos s\u00e3o alimento para vida inferior gerando toda sorte de desequil\u00edbrios ps\u00edquicos, f\u00edsicos e morais.<\/span><\/p>\n<p style=\"text-align: justify;\"><span style=\"font-weight: 400;\">Pequeno Lama, deves curar primeiro a si mesmo para tencionar a cura dos outros. O exerc\u00edcio medi\u00fanico \u00e9 eficaz, doar e receber, contudo, n\u00e3o se trata somente da pr\u00e1tica, mas de como ela \u00e9 feita. Tua tarefa \u00e9 subtrair da pr\u00e1tica a tua evolu\u00e7\u00e3o, o teu aperfei\u00e7oamento. A Doutrina para ti deve ter a princ\u00edpio um cunho educativo e seus princ\u00edpios devem inibir toda a\u00e7\u00e3o comportamental mal educada, em rela\u00e7\u00e3o ao outro. Deves transformar sua atitude ps\u00edquica, ajustando o teu estado mental num reposicionamento lento, gradual e cont\u00ednuo.<\/span><\/p>\n<p style=\"text-align: justify;\"><span style=\"font-weight: 400;\">N\u00e3o corras atr\u00e1s do conhecimento, nem tenha ansiedade em conhecer a verdade. Cada verdade conhecida exigir\u00e1 de tua consci\u00eancia uma atitude correspondente. Ela deve nascer de um procedimento natural, para que concebida, possas compreend\u00ea-la e desenvolver-se numa manifesta\u00e7\u00e3o espont\u00e2nea, verdadeira, e n\u00e3o correres o risco de emoldur\u00e1-la num comportamento falso, exterior.<\/span><\/p>\n<p style=\"text-align: justify;\"><span style=\"font-weight: 400;\">Teu pequeno c\u00e9rebro, tua energia ps\u00edquica trabalha hoje contra a tua felicidade, porque o criastes para n\u00e3o lhe obedecer. Ele est\u00e1 sob o dom\u00ednio de tua alma, que \u00e9 a vestimenta do teu ego. Teu pequeno c\u00e9rebro est\u00e1 sob o julgo da mat\u00e9ria, \u00e9 o resultado do teu crescimento, desenvolvimento e amadurecimento f\u00edsico.Teu c\u00e9rebro \u00e9 o que os ocidentais chamam precariamente de personalidade.<\/span><\/p>\n<p style=\"text-align: justify;\"><span style=\"font-weight: 400;\">Nele foi escrito o que os outros pensam, gostam e lhe disseram ser bom ou n\u00e3o, feio ou bonito, certo ou errado, abrindo somente a tua percep\u00e7\u00e3o do mundo das formas, do pequeno mundo exterior, terra.<\/span><\/p>\n<p style=\"text-align: justify;\"><span style=\"font-weight: 400;\">Agora deves enfrent\u00e1-la, transform\u00e1-la, como um inimigo que criaste. Precisas combat\u00ea-la como um guerreiro trava batalha mortal contra seu inimigo. Tens a obriga\u00e7\u00e3o, Pequeno Lama, de domin\u00e1-la, comand\u00e1-la. Para isso d\u00ea a ela um nome, um corpo, deixando-a viver separada de ti. A tua personalidade \u00e9 a m\u00ednima manifesta\u00e7\u00e3o da tua alma imortal, contudo, ela \u00e9 uma grande amea\u00e7a a tua arquitetura existencial.<\/span><\/p>\n<p style=\"text-align: justify;\"><span style=\"font-weight: 400;\">Lembre-se que sua \u00fanica fun\u00e7\u00e3o \u00e9 dar alguma express\u00e3o a essa mat\u00e9ria inerte, densa. Ela hoje \u00e9 a senhora absoluta dos teus pensamentos, trabalhando na grande f\u00e1brica dos teus sentimentos se comanda todo o seu sistema nervoso, que \u00e9 o escrit\u00f3rio do teu equil\u00edbrio, tornando-o pobre, muito pobre, a ponto de chegar aqui vestido como mendigo, quando aqui j\u00e1 fora rei.<\/span><\/p>\n<p style=\"text-align: justify;\"><span style=\"font-weight: 400;\">Est\u00e1s aqui n\u00e3o para aprender, mas sim para recordar. Acordar para a tua individualidade, a verdadeira vida, porque tua personalidade \u00e9 pequena, e o grande n\u00e3o cabe no pequeno. Ela est\u00e1 doente, confusa, fora do equil\u00edbrio vertical, fechando a tua percep\u00e7\u00e3o espiritual, obstruindo os teus canais espirituais de alimenta\u00e7\u00e3o, organiza\u00e7\u00e3o e assimila\u00e7\u00e3o do teu verdadeiro ser que habita e est\u00e1 escondido nesse corpo carnal, o teu \u201ceu\u201d superior. Ela est\u00e1, pequeno mestre, envolvida por um manto ilus\u00f3rio, que s\u00e3o padr\u00f5es desumanos. Nela n\u00e3o est\u00e1 havendo luz, porque n\u00e3o h\u00e1 l\u00f3gica em seu racioc\u00ednio, nem clareza, construindo em volta de ti uma vida falsa, presa a um comportamento superficial, numa vis\u00e3o de valores e sentimentos deturpados. Isso perturba teu sono, perturba tamb\u00e9m o teu equil\u00edbrio, pois tua alma est\u00e1 acorrentada \u00e0s armadilhas ps\u00edquicas que constru\u00edste ao longo do caminho. Falta em tua vida verdade. Porque a verdade, pequeno mestre, \u00e9 o principio de todas as coisas.<\/span><\/p>\n<p style=\"text-align: justify;\"><span style=\"font-weight: 400;\">Dizem os antigos que um pr\u00edncipe ardiloso e morti\u00e7o procurou um anci\u00e3o de um templo em busca do verdadeiro conhecimento, em busca da verdade da vida, cansado de sua andan\u00e7as pelos caminhos das sombras. Sua esperan\u00e7a era o anci\u00e3o de Lhasa.<\/span><\/p>\n<p style=\"text-align: justify;\"><span style=\"font-weight: 400;\">Ao chegar encontrou o anci\u00e3o meditando debaixo de uma \u00e1rvore que, florida, exibia toda a sua beleza e gra\u00e7a.<\/span><\/p>\n<p style=\"text-align: justify;\"><span style=\"font-weight: 400;\">O pr\u00edncipe acordando-o, perguntou-lhe onde encontraria a verdade.<\/span><\/p>\n<p style=\"text-align: justify;\"><span style=\"font-weight: 400;\">&#8211; Que verdade, pergunto o anci\u00e3o?<\/span><\/p>\n<p style=\"text-align: justify;\"><span style=\"font-weight: 400;\">&#8211; A verdade da vida. Respondeu o pr\u00edncipe.<\/span><\/p>\n<p style=\"text-align: justify;\"><span style=\"font-weight: 400;\">&#8211; Que vida? lhe indagou o s\u00e1bio de Lhasa?<\/span><\/p>\n<p style=\"text-align: justify;\"><span style=\"font-weight: 400;\">&#8211; Esta que estou vivendo, que estamos vivendo. Disse-lhe o mon\u00e1rquico.<\/span><\/p>\n<p style=\"text-align: justify;\"><span style=\"font-weight: 400;\">&#8211; N\u00e3o h\u00e1 verdade na vida que procuras. N\u00e3o h\u00e1 verdade no pr\u00edncipe e nem no anci\u00e3o, nem no que vives e nem no que iremos viver, como tamb\u00e9m os nossos descendentes.<\/span><\/p>\n<p style=\"text-align: justify;\"><span style=\"font-weight: 400;\">&#8211; Como n\u00e3o h\u00e1? Eu sou um pr\u00edncipe, tenho poder e sou obedecido, cortejado e respeitado.<\/span><\/p>\n<p style=\"text-align: justify;\"><span style=\"font-weight: 400;\">&#8211; O Pr\u00edncipe \u00e9 o que pensas ser. Mas eis o que desconheces e o que desconheces \u00e9 o teu maior inimigo.<\/span><\/p>\n<p style=\"text-align: justify;\"><span style=\"font-weight: 400;\">A verdade est\u00e1 no que ainda n\u00e3o descobristes, est\u00e1 numa regi\u00e3o em que os teus olhos n\u00e3o podem ver, tuas m\u00e3os n\u00e3o podem alcan\u00e7ar e o teu poder n\u00e3o pode haver.<\/span><\/p>\n<p style=\"text-align: justify;\"><span style=\"font-weight: 400;\">&#8211; Onde ent\u00e3o? Diga para que eu a encontre e a encontrando possa possu\u00ed-la.<\/span><\/p>\n<p style=\"text-align: justify;\"><span style=\"font-weight: 400;\">Est\u00e1s exatamente, pr\u00edncipe, na ess\u00eancia do teu sentir. Por que a verdade n\u00e3o poder ser vista, ou tocada, somente pode ser sentida.<\/span><\/p>\n<p style=\"text-align: justify;\"><span style=\"font-weight: 400;\">O sentir \u00e9 a regi\u00e3o da verdade. Porque os teus sentimentos lhe vestem de tua verdadeira personalidade, que est\u00e1 sempre oculta e se manifesta nessa express\u00e3o m\u00ednima que chamais de vida &#8211; a pris\u00e3o de tua alma aflita por se libertar.<\/span><\/p>\n<p style=\"text-align: justify;\"><span style=\"font-weight: 400;\">&#8211; Ent\u00e3o, fala-me quem tu \u00e9s?<\/span><\/p>\n<p style=\"text-align: justify;\"><span style=\"font-weight: 400;\">&#8211; Eu sou a morte dos sonhos de uma alma errante que transmigra h\u00e1 mil\u00eanios, de corpo em corpo, em busca de paz e sossego, vestido hoje como mendigo nesse corpo velho que os tolos chamam de anci\u00e3o.<\/span><\/p>\n<p style=\"text-align: justify;\"><span style=\"font-weight: 400;\">Disseram-me que tu conheces a verdade! Diz-me ou posso mesmo mat\u00e1-lo!<\/span><\/p>\n<p style=\"text-align: justify;\"><span style=\"font-weight: 400;\">&#8211; N\u00e3o se mata o que morto foi, nem morto \u00e9 aquele que acredita morto estar, como a verdade n\u00e3o \u00e9 o que penso ser ela para mim&#8230;<\/span><\/p>\n<p style=\"text-align: justify;\"><span style=\"font-weight: 400;\">&#8211; N\u00e3o descobrir\u00e1s o que procuras encontrar aqui. Ela n\u00e3o est\u00e1 em mim, mas em ti. Queres a verdade?Sejais ent\u00e3o como eu. Um mendigo do tempo n\u00e3o a pedir, mas a ouvir a sua pr\u00f3pria voz interior que se comunica pela linguagem do sentir, podendo ser ouvida somente por aqueles que a desejam encontrar&#8230;<\/span><\/p>\n<p style=\"text-align: justify;\"><span style=\"font-weight: 400;\">&#8211; O Mestre do Oriente fez, enfim, uma pausa, como a me dar tempo para absorver seus ensinamentos, dizendo:<\/span><\/p>\n<p style=\"text-align: justify;\"><span style=\"font-weight: 400;\">&#8211; Medite Pequeno Mestre, medite e encontrar\u00e1s a tua verdade por que a minha n\u00e3o serve para ti.<\/span><\/p>\n<p style=\"text-align: justify;\"><span style=\"font-weight: 400;\">Ent\u00e3o mestres na desarmonia que vivia, pensei:<\/span><\/p>\n<p style=\"text-align: justify;\"><span style=\"font-weight: 400;\">&#8211; Ele passou um ano e meio sem falar, e agora parece que n\u00e3o vai mais parar.<\/span><\/p>\n<p style=\"text-align: justify;\"><span style=\"font-weight: 400;\">&#8211; Teu humor me diverte Pequeno Lama, mas n\u00e3o te ajudar\u00e1 neste instante. Tua mente \u00e9 parecida com um cavalo selvagem desenvolvida para n\u00e3o pensar, e sim para questionar e discutir, mesmo o que n\u00e3o conheces, criando uma pr\u00e9-rejei\u00e7\u00e3o daquilo que, engra\u00e7adamente, desconhece, ignora. Como posso questionar o que n\u00e3o conhe\u00e7o? \u00c9 engra\u00e7ado esse comportamento mental. \u00c9 mesmo tolo.<\/span><\/p>\n<p style=\"text-align: justify;\"><span style=\"font-weight: 400;\">&#8211; Assim s\u00e3o os homens da sua terra, seus instrutores. Eles falam e conversam sob uma forma estranha que chamam de \u201cteoria\u201d. Suposi\u00e7\u00f5es \u00e9 o que eles ensinam; meramente suposi\u00e7\u00f5es. Falam do que n\u00e3o conhecem, escrevem livros e s\u00e3o chamados de PHD\u2019s. Doutores em qu\u00ea? Nas ci\u00eancias de pr\u00e9-suposi\u00e7\u00f5es. \u00c9 mesmo \u201c<\/span><i><span style=\"font-weight: 400;\">in situ<\/span><\/i><span style=\"font-weight: 400;\">\u201d pequeno mestre, um grande estilo&#8230; sorriso&#8230;<\/span><\/p>\n<p style=\"text-align: justify;\"><span style=\"font-weight: 400;\">Assim \u00e9 a tua mente acanhada. Tu falas como eles, briga como eles, come como eles, dorme como eles, \u00e9 mal educado como eles e discursa como eles.\u00a0<\/span><\/p>\n<p style=\"text-align: justify;\"><span style=\"font-weight: 400;\">Pensei imediatamente:- mal educado eu? Ele me deixa muitos anos aqui sem sequer falar comigo e eu que sou mal educado? Era s\u00f3 o que me faltava&#8230;<\/span><\/p>\n<p style=\"text-align: justify;\"><span style=\"font-weight: 400;\">&#8211; Quem \u00e9 voc\u00ea, Pequeno Lama? Eles s\u00e3o o sistema e voc\u00ea a v\u00edtima. N\u00e3o seja tolo. Voc\u00ea aparentemente parece ser humano; se veste como um, tem a forma de um, mas \u00e9 s\u00f3 apar\u00eancia; quando pensas e falas se parece com um ruminante; pensas remoendo, girando em torno de ti sem sair do lugar. \u00c9 mastigar o que mastigado foi. Ent\u00e3o n\u00e3o h\u00e1 sabor, prazer em viver,porque nada se renova. Eis um velho maqueando um velho com roupas novas.<\/span><\/p>\n<p style=\"text-align: justify;\"><span style=\"font-weight: 400;\">&#8211; Fiquei rubro. Aquelas palavras soaram nos meus ouvidos com o significado de \u201cidiota\u201d. Minha mente se desequilibrou; senti-me ofendido e decidi agredir respondendo \u00e0 altura:<\/span><\/p>\n<p style=\"text-align: justify;\"><span style=\"font-weight: 400;\">&#8211; N\u00e3o volto mais aqui, chega&#8230; Chega. Para que isso tudo?<\/span><\/p>\n<p style=\"text-align: justify;\"><span style=\"font-weight: 400;\">Voc\u00ea \u00e9 inteligente Pequeno Mestre, porque o teu esp\u00edrito te faz inteligente. Essa \u00e9 a raz\u00e3o de estares aqui. O teu esp\u00edrito, e n\u00e3o essa express\u00e3o insignificante que neste instante fala sem ter a menor serenidade nas palavras, nos pensamentos,levando-o a agir imprudentemente.<\/span><\/p>\n<p style=\"text-align: justify;\"><span style=\"font-weight: 400;\">&#8211; Eu n\u00e3o queria estar aqui, quero somente ser eu mesmo, quero a minha vida de volta. Estou sofrendo, desequilibrado, isso me desequilibra. Eu s\u00f3 queria ser um Apar\u00e1, incorporar Ti\u00e3ozinho, meus Nag\u00f4s. Vou embora, eu n\u00e3o quero e n\u00e3o preciso disso, ser ofendido&#8230;<\/span><\/p>\n<p style=\"text-align: justify;\"><span style=\"font-weight: 400;\">Dizendo isso, sorri aborrecidamente&#8230; Ent\u00e3o quis sair\u00a0 resmungando&#8230;<\/span><\/p>\n<p style=\"text-align: justify;\"><span style=\"font-weight: 400;\">&#8211; Cala-te pequeno <\/span><i><span style=\"font-weight: 400;\">burryd<\/span><\/i><span style=\"font-weight: 400;\">. Chegar de ouvir as tuas inconscientes declara\u00e7\u00f5es. As tolices de teus desequil\u00edbrios. Tolo, muito tolo \u00e9 o que est\u00e1s sendo&#8230;<\/span><\/p>\n<p style=\"text-align: justify;\"><span style=\"font-weight: 400;\">Salve Deus! Meus Mestres. Aquele era eu no meu direitismo antagonista perdido entre dois mundos, sem saber o que fazer, para onde ir, disperso num mundo de ilus\u00f5es e apar\u00eancias. Aquelas eram as verdades que possu\u00eda e a elas me agarrava temendo o que adviria.<\/span><\/p>\n<p style=\"text-align: justify;\"><span style=\"font-weight: 400;\">Hoje, ao reler as minhas mem\u00f3rias, os meus escritos, sinto-me em paz. N\u00e3o por ter simplesmente me transformado, mas por ter compreendido a tempo a necessidade de renovar os meus pensamentos e sentimentos, as minhas verdades.<\/span><\/p>\n<p style=\"text-align: justify;\"><span style=\"font-weight: 400;\">Muitos se perdem pelo excesso de conservadorismo. N\u00e3o \u00e9 que as verdades que possu\u00edmos n\u00e3o tenham express\u00e3o; elas possuem o seu valor, no entanto, como tudo que envelhece, tende a perder o seu valor, seja pelo tempo e o desgaste ou pelo desuso, a desatualiza\u00e7\u00e3o.<\/span><\/p>\n<p style=\"text-align: justify;\"><span style=\"font-weight: 400;\">Assim ele continuou:<\/span><\/p>\n<p style=\"text-align: justify;\"><span style=\"font-weight: 400;\">&#8211; Pequeno Mestre, aprenda com a natureza; ela \u00e9 a grande universidade do homem; ela n\u00e3o mente, n\u00e3o elabora teorias, n\u00e3o \u00e9 hipot\u00e9tica e nem hip\u00f3crita; a natureza n\u00e3o ensaia regras de comportamento, n\u00e3o \u00e9 interesseira, intencionada. Ela \u00e9 a manifesta\u00e7\u00e3o pura da verdade. Cada pedra \u00e9 o que \u00e9 e irradia sua natureza espont\u00e2nea extraf\u00edsica, astral. sem maquiagem, retoques; assim s\u00e3o as \u00e1rvores, as folhas, as flores e os animais. A natureza, Pequeno Mestre, n\u00e3o engana, n\u00e3o destr\u00f3i, n\u00e3o mata. Nela tudo se manifesta pelos princ\u00edpios, num processo cont\u00ednuo, sem interrup\u00e7\u00e3o; sua expans\u00e3o magn\u00e9tica \u00e9 natural, livre e sincera.<\/span><\/p>\n<p style=\"text-align: justify;\"><span style=\"font-weight: 400;\">\u2018Estude e medite Pequeno Mestre\u2019. Era sua ret\u00f3rica n\u00e3o no sentido das palavras e discursos e sim dos pensamentos e sentimentos. Ele era o que ensinava e sua filosofia era a coer\u00eancia. Muitas vezes alertando-me para a incoer\u00eancia entre o falar e o viver.<\/span><\/p>\n<p style=\"text-align: justify;\"><span style=\"font-weight: 400;\">&#8211; Eis a\u00ed o que todos fazem, Pequeno Mestre. N\u00e3o seja como os tolos que ensinam mas n\u00e3o exemplificam. Se n\u00e3o puderes dar o testemunho melhor calar do que se ver em contradi\u00e7\u00f5es e com elas tornar-se desacreditado.<\/span><\/p>\n<p style=\"text-align: justify;\"><span style=\"font-weight: 400;\">Sempre tolerantemente ele me guiava pelos caminhos da transforma\u00e7\u00e3o interior, o caminho do iluminismo, e, dia a dia, penetrava na grande cabala do \u201cEu-superior\u201d, onde tudo \u00e9 simples, l\u00f3gico, ou, como dizia ele: \u201crudimentar; rudimentar Pequeno Lama&#8230;\u201d. \u00c9 mesmo prim\u00e1rio.<\/span><\/p>\n<p style=\"text-align: justify;\"><span style=\"font-weight: 400;\">Mestres, Salve Deus, a compreens\u00e3o da verdade \u00e9 algo inalcan\u00e7\u00e1vel pelo psiquismo complexo do homem f\u00edsico, que vive numa esp\u00e9cie de labirinto mental, perdido em galerias externas sem liga\u00e7\u00e3o para o universo interior, emoldurado e preso a normas e padr\u00f5es puramente humanos, em an\u00e1lises <\/span><i><span style=\"font-weight: 400;\">simplices<\/span><\/i><span style=\"font-weight: 400;\"> de fatos relacionados \u00e0 vida sensorial sob uma \u00fanica percep\u00e7\u00e3o: o estudo da simples vis\u00e3o humana, singelas suposi\u00e7\u00f5es, que nascem da observa\u00e7\u00e3o dos fatos, das manifesta\u00e7\u00f5es e acontecimentos que s\u00e3o estudos que nascem atrav\u00e9s de pontos de vista eq\u00fcidistantes ou seja, do meio do processo, e n\u00e3o dos princ\u00edpios de causa que disciplinam todos os fen\u00f4menos da exist\u00eancia, explicando-os e tornando-os ent\u00e3o compreens\u00edveis por uma l\u00f3gica convincente e indiscut\u00edvel.<\/span><\/p>\n<p style=\"text-align: justify;\"><span style=\"font-weight: 400;\">O s\u00e9timo verbo celeste da cria\u00e7\u00e3o, ou manifesta\u00e7\u00e3o divina, inspira\u00e7\u00e3o, diz que o homem recebe as emana\u00e7\u00f5es especiais no momento de seu nascimento, A primeira \u00e9 a intelig\u00eancia para que reine sobre toda a Terra e toda a natureza inferior. Essa emana\u00e7\u00e3o \u00e9 o poder intelectual e esse poder faz do homem imagem \u00e0 semelhan\u00e7a de Deus; o poder intelectual \u00e9 a capacidade mental do esp\u00edrito, capaz de desenvolver tr\u00eas for\u00e7as, que se entrela\u00e7am formando o centro intelectual.<\/span><\/p>\n<p style=\"text-align: justify;\"><span style=\"font-weight: 400;\">A primeira \u00e9 a intelig\u00eancia; a segunda \u00e9 o racioc\u00ednio; e a terceira, for\u00e7a assimilat\u00f3ria, intr\u00ednseca \u00e0 sensibilidade, desenvolvimento dos sentidos \u2013 centros de decodifica\u00e7\u00e3o vibracional \u2013 onde se manifestam for\u00e7as vibrat\u00f3rias do cosmo.<\/span><\/p>\n<p style=\"text-align: justify;\"><span style=\"font-weight: 400;\">Esse poder \u00e9 concedido ao homem na sua quarta idade e n\u00e3o lhe devia servir somente para o dom\u00ednio da mat\u00e9ria&#8230;<\/span><\/p>\n<p style=\"text-align: justify;\"><span style=\"font-weight: 400;\">&#8211; Pequeno Lama, tudo que existe no espa\u00e7o \u00e9 manifesta\u00e7\u00e3o criadora. Essa manifesta\u00e7\u00e3o espont\u00e2nea \u00e9 conseq\u00fc\u00eancia natural do pensamento divino, que se movimenta por ondas vibrat\u00f3rias, pois todas as for\u00e7as s\u00e3o vibra\u00e7\u00f5es emitidas de um p\u00f3lo para o outro, do superior ao inferior num processo de dentro para fora e de fora para dentro, num movimento centr\u00edfugo e centr\u00edpeto.<\/span><\/p>\n<p style=\"text-align: justify;\"><span style=\"font-weight: 400;\">Quando os antigos s\u00e1bios viviam no grande continente, a \u201cM\u00e3e Mu\u201d h\u00e1 setenta mil anos, eles tinham todos os conhecimentos das ci\u00eancias ocultas; os antigos n\u00e3o eram dissimulados; suas mentes eram simples e por isso inteligentes; n\u00e3o mistificavam ou mapeavam a verdade. Eles diziam que existem dois tipos de vibra\u00e7\u00f5es: as agudas, e por isso altas e as baixas vibra\u00e7\u00f5es. Uma vibra\u00e7\u00e3o alta anula e repele as mais baixas, assim como um poder maior sobrep\u00f5e-se ao menor. As vibra\u00e7\u00f5es em movimento formam correntes repletas de energias magn\u00e9ticas. Grande parte se movimenta na atmosfera terrestre; outras ultrapassam os limites do plano f\u00edsico, movimentando-se no et\u00e9rico juntando-se \u00e0s outras. Estas formam-se e constituem-se no plano do esp\u00edrito eterno.<\/span><\/p>\n<p style=\"text-align: justify;\"><span style=\"font-weight: 400;\">S\u00e3o, Pequeno Mestre, grandes ondas criando o que os ocidentais chamam de <\/span><i><span style=\"font-weight: 400;\">no\u00fares plasm\u00e1ticas<\/span><\/i><span style=\"font-weight: 400;\">, agindo e interagindo no psiquismo dos humanos, no psiquismo intermedi\u00e1rio da alma e na mente do esp\u00edrito. Porque, Pequeno Lama, o homem \u00e9 capaz de produzir vibra\u00e7\u00f5es altas e baixas; as vibra\u00e7\u00f5es altas carregam-se de teor espiritualizado \u2013 partem de sua ess\u00eancia pura, assim como as vibra\u00e7\u00f5es baixas nascem de seu instinto animal. Por essa raz\u00e3o \u00e9 que, quando o homem domina sua mente, seus pensamentos, controlando ent\u00e3o sua pr\u00f3pria for\u00e7a, ele anula ou repulsa todas as for\u00e7as terrestres, do homem animal, passando a viver a supremacia da intelig\u00eancia, do racioc\u00ednio e da sensibilidade espiritual, assimilando a verdadeira fun\u00e7\u00e3o da vida e seus elementos dispon\u00edveis.<\/span><\/p>\n<p style=\"text-align: justify;\"><span style=\"font-weight: 400;\">E continuava:<\/span><\/p>\n<p style=\"text-align: justify;\"><span style=\"font-weight: 400;\">&#8211; Os antigos conheciam os segredos da magia f\u00edsico-et\u00e9rica e espiritual. Um exemplo comum para que n\u00e3o se esque\u00e7a \u00e9 a for\u00e7a gravitacional, que os velhos s\u00e1bios chamavam de for\u00e7a magn\u00e9tica fria, que todos conhecem com o nome de gravidade. Essa ci\u00eancia chamada de <\/span><i><span style=\"font-weight: 400;\">eleva\u00e7\u00e3o vibracional<\/span><\/i><span style=\"font-weight: 400;\"> (proje\u00e7\u00e3o de for\u00e7as) acima da for\u00e7a magn\u00e9tica fria da terra poder\u00e1 anular seus efeitos. Porque, pequeno Lama, o calor torna inexistente o frio, anulando seus efeitos. Chamamos esse calor de esfera M\u00f3 \u2013 C\u00e9lula Cr\u00edstica \u2013 onde se localiza o <\/span><i><span style=\"font-weight: 400;\">Pequeno Sol<\/span><\/i><span style=\"font-weight: 400;\">, heran\u00e7a nos dada do <\/span><i><span style=\"font-weight: 400;\">Sol Maior<\/span><\/i><span style=\"font-weight: 400;\"> \u2013 o <\/span><i><span style=\"font-weight: 400;\">Cristo Solar<\/span><\/i><span style=\"font-weight: 400;\">. Essa \u00e9 a for\u00e7a que nos atrai e prende nossos corpos \u00e0 Terra. Quando uma for\u00e7a magn\u00e9tica \u00e9 isolada a mat\u00e9ria passa a n\u00e3o ter nenhum peso, podendo flutuar no ar, caminhar nos c\u00e9us ou por cima das \u00e1guas, como o exemplo do sol, dos planetas e estrelas, que n\u00e3o possuem peso no espa\u00e7o. Jesus, o Grande Mestre, o Santo de Luz nos prova essa magia, caminhando sobre as \u00e1guas. Operava simplesmente uma ci\u00eancia antiga, praticada e conhecida pelos s\u00e1bios que formavam a primeira civiliza\u00e7\u00e3o da Terra. \u00c9 necess\u00e1rio que o homem reencontre a velha ci\u00eancia nessa nova era, pois sem ela o homem n\u00e3o pode conceber a verdade&#8230;<\/span><\/p>\n<p style=\"text-align: justify;\"><span style=\"font-weight: 400;\">Sentado naquele \u201cc\u00e9u\u201d eu ouvia a voz daquele Anjo; embevecido, eu bebia a \u00e1gua dos s\u00e1bios na fonte viva da sabedoria; sentia-me uma crian\u00e7a pequena diante de um deus de conhecimento. Ele me falava tudo com a mente, sem o uso da palavra, como se seu sil\u00eancio tivesse voz. Ent\u00e3o interrompi sua narrativa, aproveitando uma pausa em seu racioc\u00ednio, perguntando-lhe sobre Isis, o Santo:<\/span><\/p>\n<p style=\"text-align: justify;\"><span style=\"font-weight: 400;\">&#8211; Jesus viveu no Tibet?<\/span><\/p>\n<p style=\"text-align: justify;\"><span style=\"font-weight: 400;\">&#8211; Sim, Pequeno Mestre. Aqui entre n\u00f3s Ele viveu, enquanto desapareceu no mundo adolescente, retornando logo depois \u00e0 sua p\u00e1tria nascedoura. Mas n\u00e3o fujamos do prop\u00f3sito desta noite. Noutra ocasi\u00e3o conversamos sobre esse assunto&#8230;<\/span><\/p>\n<p style=\"text-align: justify;\"><span style=\"font-weight: 400;\">Aquilo agu\u00e7ou minha curiosidade, mas calei-me obedecendo como sempre acontece quando o maior determina o menor, n\u00e3o pela vontade pr\u00f3pria, mas pela imposi\u00e7\u00e3o da for\u00e7a moral e bondosa daquela entidade.<\/span><\/p>\n<p style=\"text-align: justify;\"><span style=\"font-weight: 400;\">Darkus-Kan completara seu prop\u00f3sito naquela noite. Falou-me sobre os perigos da alta magia e me dispensou logo ap\u00f3s a leitura de um papiro que pertencia a um sacerdote do Continente Perdido. Todas as ocasi\u00f5es em que invocasse a for\u00e7a m\u00e3e de todas as ci\u00eancias, seria necess\u00e1rio, anteceder numa prepara\u00e7\u00e3o e num juramento para se entrar no c\u00edrculo cabal\u00edstico dos grandes iniciados.<\/span><\/p>\n<p style=\"text-align: justify;\"><span style=\"font-weight: 400;\">Dizia ele (sem exatid\u00e3o):<\/span><\/p>\n<p style=\"text-align: center;\"><b><i>Divino poder oculto! Ci\u00eancia m\u00e3e do indivis\u00edvel, emana\u00e7\u00e3o do pensamento criador!<\/i><\/b><\/p>\n<p style=\"text-align: center;\"><b><i>Pe\u00e7o-te a expans\u00e3o da minha vis\u00e3o, dos meus sentidos, da minha for\u00e7a!<\/i><\/b><\/p>\n<p style=\"text-align: center;\"><b><i>Que se unam os elementos da vida e da eternidade para a grande obra de Deus.<\/i><\/b><\/p>\n<p style=\"text-align: center;\"><b><i>Subo a esse altar sagrado invocando a for\u00e7a, o poder dos meus ancestrais que comandam a grande roda cabal\u00edstica do conhecimento, ofertando meus olhos, boca e ouvidos, para que sejam os testemunhos vivos do caminho no amor, no bem, na fraternidade.<\/i><\/b><\/p>\n<p style=\"text-align: center;\"><b><i>Oh! Poder encantado, magia m\u00edstica!<\/i><\/b><\/p>\n<p style=\"text-align: center;\"><b><i>Nos irmane para o Grande Assu-Hi, porque em Ti vive o Reino, a Gl\u00f3ria, o Poder.<\/i><\/b><\/p>\n","protected":false},"excerpt":{"rendered":"<p>Pequeno mestre. Deves desenvolver uma atitude de vida compat\u00edvel com a natureza do teu esp\u00edrito. Ainda n\u00e3o compreendo, como sendo t\u00e3o rico, insistes em viver como pobre. Deves abandonar teus maus h\u00e1bitos ocidentais, que ensinam a desobedi\u00eancia, a indisciplina, \u00e0 imprud\u00eancia; que pregam a gan\u00e2ncia, a materializa\u00e7\u00e3o dos sentimentos. Isso \u00e9 uma estupidez. Deves apagar&#8230;<\/p>\n","protected":false},"author":1,"featured_media":1794,"comment_status":"open","ping_status":"open","sticky":false,"template":"","format":"standard","meta":{"_editorskit_title_hidden":false,"_editorskit_reading_time":0,"_editorskit_is_block_options_detached":false,"_editorskit_block_options_position":"{}","_jetpack_memberships_contains_paid_content":false,"_joinchat":[],"footnotes":""},"categories":[192],"tags":[196],"class_list":["post-1742","post","type-post","status-publish","format-standard","has-post-thumbnail","hentry","category-mensagem-dos-mentores","tag-darkus-kan"],"jetpack_featured_media_url":"https:\/\/escoladocaminho.com\/wp-content\/uploads\/2024\/10\/meditation_1739298920964.jpg","jetpack_sharing_enabled":true,"_links":{"self":[{"href":"https:\/\/escoladocaminho.com\/index.php?rest_route=\/wp\/v2\/posts\/1742","targetHints":{"allow":["GET"]}}],"collection":[{"href":"https:\/\/escoladocaminho.com\/index.php?rest_route=\/wp\/v2\/posts"}],"about":[{"href":"https:\/\/escoladocaminho.com\/index.php?rest_route=\/wp\/v2\/types\/post"}],"author":[{"embeddable":true,"href":"https:\/\/escoladocaminho.com\/index.php?rest_route=\/wp\/v2\/users\/1"}],"replies":[{"embeddable":true,"href":"https:\/\/escoladocaminho.com\/index.php?rest_route=%2Fwp%2Fv2%2Fcomments&post=1742"}],"version-history":[{"count":2,"href":"https:\/\/escoladocaminho.com\/index.php?rest_route=\/wp\/v2\/posts\/1742\/revisions"}],"predecessor-version":[{"id":1795,"href":"https:\/\/escoladocaminho.com\/index.php?rest_route=\/wp\/v2\/posts\/1742\/revisions\/1795"}],"wp:featuredmedia":[{"embeddable":true,"href":"https:\/\/escoladocaminho.com\/index.php?rest_route=\/wp\/v2\/media\/1794"}],"wp:attachment":[{"href":"https:\/\/escoladocaminho.com\/index.php?rest_route=%2Fwp%2Fv2%2Fmedia&parent=1742"}],"wp:term":[{"taxonomy":"category","embeddable":true,"href":"https:\/\/escoladocaminho.com\/index.php?rest_route=%2Fwp%2Fv2%2Fcategories&post=1742"},{"taxonomy":"post_tag","embeddable":true,"href":"https:\/\/escoladocaminho.com\/index.php?rest_route=%2Fwp%2Fv2%2Ftags&post=1742"}],"curies":[{"name":"wp","href":"https:\/\/api.w.org\/{rel}","templated":true}]}}